{"id":442,"date":"2023-05-12T09:21:22","date_gmt":"2023-05-12T09:21:22","guid":{"rendered":"https:\/\/www.nw-groupe.com\/?p=442"},"modified":"2023-07-19T13:03:26","modified_gmt":"2023-07-19T13:03:26","slug":"un-premier-trimestre-concluant-pour-iecharge-et-pour-la-recharge-electrique-francaise-en-general","status":"publish","type":"post","link":"https:\/\/www.nw-groupe.com\/fr\/un-premier-trimestre-concluant-pour-iecharge-et-pour-la-recharge-electrique-francaise-en-general\/","title":{"rendered":"Un premier trimestre concluant pour IECharge<sup>\u00ae<\/sup>"},"content":{"rendered":"\n<p><\/p>\n\n\n\n<h2 class=\"wp-block-heading\"><strong>Un premier trimestre concluant pour la recharge \u00e9lectrique fran\u00e7aise en g\u00e9n\u00e9ral&nbsp;!<\/strong><\/h2>\n\n\n\n<p>La France, qui signe un tr\u00e8s bon premier trimestre en termes d\u2019ouvertures de nouveaux points de charge, poursuit son virage vers la mobilit\u00e9 \u00e9lectrique. A fin mars, 95&nbsp;755 points de recharge publics maillaient le territoire fran\u00e7ais, soit une augmentation de 66% par rapport \u00e0 l\u2019ann\u00e9e derni\u00e8re. Dans la course aux nouveaux points de charge, notre solution IECharge<sup>\u00ae<\/sup> connait un premier trimestre tr\u00e8s satisfaisant, avec une centaine de points de charge d\u00e9ploy\u00e9s!<\/p>\n\n\n\n<p>Cl\u00e9ment Molizon, D\u00e9l\u00e9gu\u00e9 g\u00e9n\u00e9ral de l\u2019Avere-France, est confiant&nbsp;: la barre des 100&nbsp;000 points de recharge publics fran\u00e7ais devrait \u00eatre atteinte ces prochains jours. Et si le 100&nbsp;000\u00e8me point de recharge \u00e9tait un point IECharge<sup>\u00ae<\/sup> ? A l\u2019image de la tendance observ\u00e9e par l\u2019Avere, le premier trimestre d\u2019IECharge<sup>\u00ae<\/sup> a \u00e9t\u00e9 marqu\u00e9 par un fort d\u00e9veloppement. Alors que le r\u00e9seau ne comptait que 24 points de recharge \u00e0 fin 2022, ce ne sont pas moins de 100 points de recharge qui ont ouvert durant ce premier trimestre. Un d\u00e9veloppement qui devrait s\u2019acc\u00e9l\u00e9rer ces prochains mois&nbsp;: 600 points de charge IECharge<sup>\u00ae<\/sup> sont pr\u00e9vus \u00e0 fin 2023&nbsp;!<\/p>\n\n\n\n<h2 class=\"wp-block-heading\"><strong>D\u00e9mocratiser la recharge \u00e9lectrique en zones rurales et p\u00e9riurbaines<\/strong><\/h2>\n\n\n\n<ul class=\"c-numbers c-numbers--md\">\n    <li class=\"c-numbers__item\"><strong>150 stations IECharge<sup>\u00ae<\/sup><\/strong> sont pr\u00e9vues \u00e0 fin 2023<\/li>\n    <li class=\"c-numbers__item\"><strong>0,30\u20ac \/ kWh<\/strong> la recharge haute puissance la moins ch\u00e8re du march\u00e9<\/li>\n  <\/ul>\n\n\n\n<p>Proposer des solutions de recharge haute puissance en zones rurales et p\u00e9riurbaines, c\u2019est l\u2019ADN d\u2019IECharge<sup>\u00ae<\/sup>. Port\u00e9es par NW, ces bornes des territoires vont d\u00e9mocratiser la mobilit\u00e9 \u00e9lectrique dans les zones peu fournies en infrastructures de recharge, en offrant le tarif le moins cher du march\u00e9, \u00e0 0.30\u20ac\/kWh. Ces prochains jours, de nouvelles stations IECharge<sup>\u00ae<\/sup> vont ouvrir. Serons-nous reconnus comme le 100&nbsp;000 point de charge fran\u00e7ais&nbsp;? Le myst\u00e8re reste entier mais une chose est s\u00fbre&nbsp;: l\u2019\u00e9quipe d\u2019IECharge<sup>\u00ae<\/sup> met tout en \u0153uvre pour soutenir le d\u00e9veloppement des infrastructures de recharge en France, et bient\u00f4t \u00e9galement \u00e0 l\u2019international&nbsp;!<\/p>\n\n\n\n<p><br>Source&nbsp;: <a href=\"https:\/\/www.avere-france.org\/\" target=\"_blank\" rel=\"noreferrer noopener\">Avere<\/a><\/p>\n","protected":false},"excerpt":{"rendered":"<p>Un premier trimestre concluant pour la recharge \u00e9lectrique fran\u00e7aise en g\u00e9n\u00e9ral&nbsp;! La France, qui signe un tr\u00e8s bon premier trimestre en termes d\u2019ouvertures de nouveaux points de charge, poursuit son virage vers la mobilit\u00e9 \u00e9lectrique. A fin mars, 95&nbsp;755 points de recharge publics maillaient le territoire fran\u00e7ais, soit une augmentation de 66% par rapport \u00e0 [&hellip;]<\/p>\n","protected":false},"author":3,"featured_media":525,"comment_status":"open","ping_status":"open","sticky":false,"template":"","format":"standard","meta":{"_acf_changed":false,"footnotes":""},"categories":[4],"tags":[],"class_list":["post-442","post","type-post","status-publish","format-standard","has-post-thumbnail","hentry","category-iecharge"],"acf":[],"yoast_head":"<!-- This site is optimized with the Yoast SEO plugin v26.2 - https:\/\/yoast.com\/wordpress\/plugins\/seo\/ -->\n<title>Un premier trimestre concluant pour IECharge\u00ae - NW<\/title>\n<meta name=\"robots\" content=\"index, follow, max-snippet:-1, max-image-preview:large, max-video-preview:-1\" \/>\n<link rel=\"canonical\" href=\"https:\/\/www.nw-groupe.com\/fr\/un-premier-trimestre-concluant-pour-iecharge-et-pour-la-recharge-electrique-francaise-en-general\/\" \/>\n<meta property=\"og:locale\" content=\"fr_FR\" \/>\n<meta property=\"og:type\" content=\"article\" \/>\n<meta property=\"og:title\" content=\"Un premier trimestre concluant pour IECharge\u00ae - NW\" \/>\n<meta property=\"og:description\" content=\"Un premier trimestre concluant pour la recharge \u00e9lectrique fran\u00e7aise en g\u00e9n\u00e9ral&nbsp;! La France, qui signe un tr\u00e8s bon premier trimestre en termes d\u2019ouvertures de nouveaux points de charge, poursuit son virage vers la mobilit\u00e9 \u00e9lectrique. A fin mars, 95&nbsp;755 points de recharge publics maillaient le territoire fran\u00e7ais, soit une augmentation de 66% par rapport \u00e0 [&hellip;]\" \/>\n<meta property=\"og:url\" content=\"https:\/\/www.nw-groupe.com\/fr\/un-premier-trimestre-concluant-pour-iecharge-et-pour-la-recharge-electrique-francaise-en-general\/\" \/>\n<meta property=\"og:site_name\" content=\"NW\" \/>\n<meta property=\"article:published_time\" content=\"2023-05-12T09:21:22+00:00\" \/>\n<meta property=\"article:modified_time\" content=\"2023-07-19T13:03:26+00:00\" \/>\n<meta property=\"og:image\" content=\"https:\/\/www.nw-groupe.com\/wp-content\/uploads\/2023\/05\/369a2297.jpg\" \/>\n\t<meta property=\"og:image:width\" content=\"1500\" \/>\n\t<meta property=\"og:image:height\" content=\"1000\" \/>\n\t<meta property=\"og:image:type\" content=\"image\/jpeg\" \/>\n<meta name=\"author\" content=\"adm-lns\" \/>\n<meta name=\"twitter:card\" content=\"summary_large_image\" \/>\n<meta name=\"twitter:label1\" content=\"Written by\" \/>\n\t<meta name=\"twitter:data1\" content=\"adm-lns\" \/>\n\t<meta name=\"twitter:label2\" content=\"Est. reading time\" \/>\n\t<meta name=\"twitter:data2\" content=\"2 minutes\" \/>\n<script type=\"application\/ld+json\" class=\"yoast-schema-graph\">{\"@context\":\"https:\/\/schema.org\",\"@graph\":[{\"@type\":\"WebPage\",\"@id\":\"https:\/\/www.nw-groupe.com\/fr\/un-premier-trimestre-concluant-pour-iecharge-et-pour-la-recharge-electrique-francaise-en-general\/\",\"url\":\"https:\/\/www.nw-groupe.com\/fr\/un-premier-trimestre-concluant-pour-iecharge-et-pour-la-recharge-electrique-francaise-en-general\/\",\"name\":\"Un premier trimestre concluant pour IECharge\u00ae - NW\",\"isPartOf\":{\"@id\":\"https:\/\/www.nw-groupe.com\/fr\/#website\"},\"primaryImageOfPage\":{\"@id\":\"https:\/\/www.nw-groupe.com\/fr\/un-premier-trimestre-concluant-pour-iecharge-et-pour-la-recharge-electrique-francaise-en-general\/#primaryimage\"},\"image\":{\"@id\":\"https:\/\/www.nw-groupe.com\/fr\/un-premier-trimestre-concluant-pour-iecharge-et-pour-la-recharge-electrique-francaise-en-general\/#primaryimage\"},\"thumbnailUrl\":\"https:\/\/www.nw-groupe.com\/wp-content\/uploads\/2023\/05\/369a2297.jpg\",\"datePublished\":\"2023-05-12T09:21:22+00:00\",\"dateModified\":\"2023-07-19T13:03:26+00:00\",\"author\":{\"@id\":\"https:\/\/www.nw-groupe.com\/fr\/#\/schema\/person\/58889dd7b15b06fbe79d1e35baf308bb\"},\"breadcrumb\":{\"@id\":\"https:\/\/www.nw-groupe.com\/fr\/un-premier-trimestre-concluant-pour-iecharge-et-pour-la-recharge-electrique-francaise-en-general\/#breadcrumb\"},\"inLanguage\":\"fr-FR\",\"potentialAction\":[{\"@type\":\"ReadAction\",\"target\":[\"https:\/\/www.nw-groupe.com\/fr\/un-premier-trimestre-concluant-pour-iecharge-et-pour-la-recharge-electrique-francaise-en-general\/\"]}]},{\"@type\":\"ImageObject\",\"inLanguage\":\"fr-FR\",\"@id\":\"https:\/\/www.nw-groupe.com\/fr\/un-premier-trimestre-concluant-pour-iecharge-et-pour-la-recharge-electrique-francaise-en-general\/#primaryimage\",\"url\":\"https:\/\/www.nw-groupe.com\/wp-content\/uploads\/2023\/05\/369a2297.jpg\",\"contentUrl\":\"https:\/\/www.nw-groupe.com\/wp-content\/uploads\/2023\/05\/369a2297.jpg\",\"width\":1500,\"height\":1000},{\"@type\":\"BreadcrumbList\",\"@id\":\"https:\/\/www.nw-groupe.com\/fr\/un-premier-trimestre-concluant-pour-iecharge-et-pour-la-recharge-electrique-francaise-en-general\/#breadcrumb\",\"itemListElement\":[{\"@type\":\"ListItem\",\"position\":1,\"name\":\"Accueil\",\"item\":\"https:\/\/www.nw-groupe.com\/fr\/\"},{\"@type\":\"ListItem\",\"position\":2,\"name\":\"Un premier trimestre concluant pour IECharge\u00ae\"}]},{\"@type\":\"WebSite\",\"@id\":\"https:\/\/www.nw-groupe.com\/fr\/#website\",\"url\":\"https:\/\/www.nw-groupe.com\/fr\/\",\"name\":\"NW\",\"description\":\"\",\"potentialAction\":[{\"@type\":\"SearchAction\",\"target\":{\"@type\":\"EntryPoint\",\"urlTemplate\":\"https:\/\/www.nw-groupe.com\/fr\/?s={search_term_string}\"},\"query-input\":{\"@type\":\"PropertyValueSpecification\",\"valueRequired\":true,\"valueName\":\"search_term_string\"}}],\"inLanguage\":\"fr-FR\"},{\"@type\":\"Person\",\"@id\":\"https:\/\/www.nw-groupe.com\/fr\/#\/schema\/person\/58889dd7b15b06fbe79d1e35baf308bb\",\"name\":\"adm-lns\",\"image\":{\"@type\":\"ImageObject\",\"inLanguage\":\"fr-FR\",\"@id\":\"https:\/\/www.nw-groupe.com\/fr\/#\/schema\/person\/image\/\",\"url\":\"https:\/\/secure.gravatar.com\/avatar\/3ab9c54d8d3d3ccdda4aae29b04758962029d3f4b8088c782e711832f8044afb?s=96&d=mm&r=g\",\"contentUrl\":\"https:\/\/secure.gravatar.com\/avatar\/3ab9c54d8d3d3ccdda4aae29b04758962029d3f4b8088c782e711832f8044afb?s=96&d=mm&r=g\",\"caption\":\"adm-lns\"},\"url\":\"https:\/\/www.nw-groupe.com\/fr\/author\/adm-lns\/\"}]}<\/script>\n<!-- \/ Yoast SEO plugin. -->","yoast_head_json":{"title":"Un premier trimestre concluant pour IECharge\u00ae - NW","robots":{"index":"index","follow":"follow","max-snippet":"max-snippet:-1","max-image-preview":"max-image-preview:large","max-video-preview":"max-video-preview:-1"},"canonical":"https:\/\/www.nw-groupe.com\/fr\/un-premier-trimestre-concluant-pour-iecharge-et-pour-la-recharge-electrique-francaise-en-general\/","og_locale":"fr_FR","og_type":"article","og_title":"Un premier trimestre concluant pour IECharge\u00ae - NW","og_description":"Un premier trimestre concluant pour la recharge \u00e9lectrique fran\u00e7aise en g\u00e9n\u00e9ral&nbsp;! La France, qui signe un tr\u00e8s bon premier trimestre en termes d\u2019ouvertures de nouveaux points de charge, poursuit son virage vers la mobilit\u00e9 \u00e9lectrique. A fin mars, 95&nbsp;755 points de recharge publics maillaient le territoire fran\u00e7ais, soit une augmentation de 66% par rapport \u00e0 [&hellip;]","og_url":"https:\/\/www.nw-groupe.com\/fr\/un-premier-trimestre-concluant-pour-iecharge-et-pour-la-recharge-electrique-francaise-en-general\/","og_site_name":"NW","article_published_time":"2023-05-12T09:21:22+00:00","article_modified_time":"2023-07-19T13:03:26+00:00","og_image":[{"width":1500,"height":1000,"url":"https:\/\/www.nw-groupe.com\/wp-content\/uploads\/2023\/05\/369a2297.jpg","type":"image\/jpeg"}],"author":"adm-lns","twitter_card":"summary_large_image","twitter_misc":{"Written by":"adm-lns","Est. reading time":"2 minutes"},"schema":{"@context":"https:\/\/schema.org","@graph":[{"@type":"WebPage","@id":"https:\/\/www.nw-groupe.com\/fr\/un-premier-trimestre-concluant-pour-iecharge-et-pour-la-recharge-electrique-francaise-en-general\/","url":"https:\/\/www.nw-groupe.com\/fr\/un-premier-trimestre-concluant-pour-iecharge-et-pour-la-recharge-electrique-francaise-en-general\/","name":"Un premier trimestre concluant pour IECharge\u00ae - NW","isPartOf":{"@id":"https:\/\/www.nw-groupe.com\/fr\/#website"},"primaryImageOfPage":{"@id":"https:\/\/www.nw-groupe.com\/fr\/un-premier-trimestre-concluant-pour-iecharge-et-pour-la-recharge-electrique-francaise-en-general\/#primaryimage"},"image":{"@id":"https:\/\/www.nw-groupe.com\/fr\/un-premier-trimestre-concluant-pour-iecharge-et-pour-la-recharge-electrique-francaise-en-general\/#primaryimage"},"thumbnailUrl":"https:\/\/www.nw-groupe.com\/wp-content\/uploads\/2023\/05\/369a2297.jpg","datePublished":"2023-05-12T09:21:22+00:00","dateModified":"2023-07-19T13:03:26+00:00","author":{"@id":"https:\/\/www.nw-groupe.com\/fr\/#\/schema\/person\/58889dd7b15b06fbe79d1e35baf308bb"},"breadcrumb":{"@id":"https:\/\/www.nw-groupe.com\/fr\/un-premier-trimestre-concluant-pour-iecharge-et-pour-la-recharge-electrique-francaise-en-general\/#breadcrumb"},"inLanguage":"fr-FR","potentialAction":[{"@type":"ReadAction","target":["https:\/\/www.nw-groupe.com\/fr\/un-premier-trimestre-concluant-pour-iecharge-et-pour-la-recharge-electrique-francaise-en-general\/"]}]},{"@type":"ImageObject","inLanguage":"fr-FR","@id":"https:\/\/www.nw-groupe.com\/fr\/un-premier-trimestre-concluant-pour-iecharge-et-pour-la-recharge-electrique-francaise-en-general\/#primaryimage","url":"https:\/\/www.nw-groupe.com\/wp-content\/uploads\/2023\/05\/369a2297.jpg","contentUrl":"https:\/\/www.nw-groupe.com\/wp-content\/uploads\/2023\/05\/369a2297.jpg","width":1500,"height":1000},{"@type":"BreadcrumbList","@id":"https:\/\/www.nw-groupe.com\/fr\/un-premier-trimestre-concluant-pour-iecharge-et-pour-la-recharge-electrique-francaise-en-general\/#breadcrumb","itemListElement":[{"@type":"ListItem","position":1,"name":"Accueil","item":"https:\/\/www.nw-groupe.com\/fr\/"},{"@type":"ListItem","position":2,"name":"Un premier trimestre concluant pour IECharge\u00ae"}]},{"@type":"WebSite","@id":"https:\/\/www.nw-groupe.com\/fr\/#website","url":"https:\/\/www.nw-groupe.com\/fr\/","name":"NW","description":"","potentialAction":[{"@type":"SearchAction","target":{"@type":"EntryPoint","urlTemplate":"https:\/\/www.nw-groupe.com\/fr\/?s={search_term_string}"},"query-input":{"@type":"PropertyValueSpecification","valueRequired":true,"valueName":"search_term_string"}}],"inLanguage":"fr-FR"},{"@type":"Person","@id":"https:\/\/www.nw-groupe.com\/fr\/#\/schema\/person\/58889dd7b15b06fbe79d1e35baf308bb","name":"adm-lns","image":{"@type":"ImageObject","inLanguage":"fr-FR","@id":"https:\/\/www.nw-groupe.com\/fr\/#\/schema\/person\/image\/","url":"https:\/\/secure.gravatar.com\/avatar\/3ab9c54d8d3d3ccdda4aae29b04758962029d3f4b8088c782e711832f8044afb?s=96&d=mm&r=g","contentUrl":"https:\/\/secure.gravatar.com\/avatar\/3ab9c54d8d3d3ccdda4aae29b04758962029d3f4b8088c782e711832f8044afb?s=96&d=mm&r=g","caption":"adm-lns"},"url":"https:\/\/www.nw-groupe.com\/fr\/author\/adm-lns\/"}]}},"_links":{"self":[{"href":"https:\/\/www.nw-groupe.com\/fr\/wp-json\/wp\/v2\/posts\/442","targetHints":{"allow":["GET"]}}],"collection":[{"href":"https:\/\/www.nw-groupe.com\/fr\/wp-json\/wp\/v2\/posts"}],"about":[{"href":"https:\/\/www.nw-groupe.com\/fr\/wp-json\/wp\/v2\/types\/post"}],"author":[{"embeddable":true,"href":"https:\/\/www.nw-groupe.com\/fr\/wp-json\/wp\/v2\/users\/3"}],"replies":[{"embeddable":true,"href":"https:\/\/www.nw-groupe.com\/fr\/wp-json\/wp\/v2\/comments?post=442"}],"version-history":[{"count":27,"href":"https:\/\/www.nw-groupe.com\/fr\/wp-json\/wp\/v2\/posts\/442\/revisions"}],"predecessor-version":[{"id":1028,"href":"https:\/\/www.nw-groupe.com\/fr\/wp-json\/wp\/v2\/posts\/442\/revisions\/1028"}],"wp:featuredmedia":[{"embeddable":true,"href":"https:\/\/www.nw-groupe.com\/fr\/wp-json\/wp\/v2\/media\/525"}],"wp:attachment":[{"href":"https:\/\/www.nw-groupe.com\/fr\/wp-json\/wp\/v2\/media?parent=442"}],"wp:term":[{"taxonomy":"category","embeddable":true,"href":"https:\/\/www.nw-groupe.com\/fr\/wp-json\/wp\/v2\/categories?post=442"},{"taxonomy":"post_tag","embeddable":true,"href":"https:\/\/www.nw-groupe.com\/fr\/wp-json\/wp\/v2\/tags?post=442"}],"curies":[{"name":"wp","href":"https:\/\/api.w.org\/{rel}","templated":true}]}}