{"id":1722,"date":"2024-02-06T12:57:12","date_gmt":"2024-02-06T12:57:12","guid":{"rendered":"https:\/\/www.nw-groupe.com\/?p=1722"},"modified":"2024-02-06T12:57:13","modified_gmt":"2024-02-06T12:57:13","slug":"nw-vient-de-rejoindre-le-conseil-dadministration-de-l-ufe","status":"publish","type":"post","link":"https:\/\/www.nw-groupe.com\/fr\/nw-vient-de-rejoindre-le-conseil-dadministration-de-l-ufe\/","title":{"rendered":"NW vient de rejoindre le conseil d&rsquo;administration de l&rsquo;UFE"},"content":{"rendered":"\n<p><strong>L&rsquo;Union Fran\u00e7aise de l&rsquo;\u00c9lectricit\u00e9 (UFE) continue de s&rsquo;ouvrir \u00e0 de nouveaux acteurs confortant sa repr\u00e9sentativit\u00e9 sur toute la cha\u00eene de valeur du syst\u00e8me \u00e9lectrique : de la production, toutes technologies bas carbone, aux r\u00e9seaux, aux fournisseurs d\u2019\u00e9nergies et de services d\u2019efficacit\u00e9 \u00e9nerg\u00e9tique, en passant par les op\u00e9rateurs de stockage, des effacements et du pilotage des consommations. NW vient de rejoindre le conseil d&rsquo;administration de l&rsquo;UFE.<\/strong><\/p>\n\n\n\n<p>Cr\u00e9\u00e9 en 2007, NW est le leader fran\u00e7ais du stockage d&rsquo;\u00e9lectricit\u00e9 par batterie, un des pr\u00e9curseurs de la recharge haute puissance pour v\u00e9hicules \u00e9lectriques et un expert des \u00e9nergies renouvelables. Premi\u00e8re licorne fran\u00e7aise de la transition \u00e9nerg\u00e9tique depuis juin 2022, NW a int\u00e9gr\u00e9 la French Tech Next40 en 2023. Le Groupe d\u00e9veloppe des unit\u00e9s de stockage r\u00e9parti d\u2019\u00e9lectricit\u00e9 (des <a href=\"https:\/\/www.nw-groupe.com\/fr\/solution\/jbox\/\" target=\"_blank\" rel=\"noreferrer noopener\">JBox\u00ae<\/a>) et des stations de recharge haute puissance pour v\u00e9hicules \u00e9lectriques (des <a href=\"https:\/\/iecharge.io\/fr\/page-daccueil\/\" target=\"_blank\" rel=\"noreferrer noopener\">IECharge\u00ae<\/a>). L\u2019alliance in\u00e9dite de ces deux solutions s\u2019appuie sur des brevets de rang mondial. A fin 2023, NW comptait, en France m\u00e9tropolitaine, plus de 400 MW de stockage en service, et 110 stations de recharge haute puissance. Ces stations, implant\u00e9es sur tout le territoire, sont principalement situ\u00e9es en zones rurales et p\u00e9riurbaines.<\/p>\n\n\n\n<p>Le Conseil d\u2019administration de l\u2019UFE a statu\u00e9 favorablement sur la demande d\u2019adh\u00e9sion, dans le respect des valeurs de leur f\u00e9d\u00e9ration. NW prendra part aux discussions et aux initiatives conjointes visant \u00e0 orienter le syst\u00e8me \u00e9nerg\u00e9tique vers la neutralit\u00e9 carbone. Le Groupe contribuera notamment aux r\u00e9flexions sur les th\u00e9matiques li\u00e9es au stockage et \u00e0 la flexibilit\u00e9 du r\u00e9seau \u00e9lectrique.<\/p>\n\n\n\n<h2 class=\"wp-block-heading\">L&rsquo;UFE et NW, des visions convergentes<\/h2>\n\n\n\n<p>Pour<strong> Jean-Christophe Kerdelhu\u00e9<\/strong>, Pr\u00e9sident Fondateur de NW : \u00ab <em>C&rsquo;est une fiert\u00e9 pour NW de rejoindre l&rsquo;UFE, un acteur majeur du domaine de l&rsquo;\u00e9lectricit\u00e9. Aujourd&rsquo;hui, le stockage fait partie int\u00e9grante de la cha\u00eene de valeur du syst\u00e8me \u00e9lectrique. La flexibilit\u00e9 que nous offrons au r\u00e9seau \u00e9lectrique gr\u00e2ce \u00e0 nos unit\u00e9s de stockage favorise la transition \u00e9nerg\u00e9tique. L&rsquo;UFE partage la vision de NW, en souhaitant acc\u00e9l\u00e9rer la transition vers les \u00e9nergies d\u00e9carbon\u00e9es<\/em> \u00bb.<\/p>\n\n\n\n<p>Pour <strong>Christine Goubet-Milhaud<\/strong>, Pr\u00e9sidente de l\u2019UFE : \u00ab <em>Je me r\u00e9jouis que NW rejoigne l\u2019UFE. L&rsquo;innovation est au c\u0153ur de leur action depuis 2007, et leur solution de stockage est une innovation fran\u00e7aise qui permet d&rsquo;optimiser les appels de puissance sur les r\u00e9seaux \u00e9lectriques et d&rsquo;accompagner le d\u00e9veloppement de la mobilit\u00e9 \u00e9lectrique. L\u2019UFE est incontournable pour construire et d\u00e9velopper, avec l\u2019ensemble des acteurs de la cha\u00eene de valeur actuels et futurs, une r\u00e9flexion syst\u00e9mique de court, moyen et long terme. Pour accompagner l&rsquo;\u00e9lectrification des usages \u00e9nerg\u00e9tiques, int\u00e9grer une part croissante de productions d\u00e9centralis\u00e9es et piloter nos consommations en tenant compte des r\u00e9seaux de transport et de distribution d\u2019\u00e9lectricit\u00e9, le d\u00e9veloppement de technologies innovantes est essentiel. Cela permet d&rsquo;augmenter la flexibilit\u00e9 de notre syst\u00e8me \u00e9lectrique, c&rsquo;est un enjeu cl\u00e9 de la transition \u00e9nerg\u00e9tique \u00bb.<\/em><\/p>\n\n\n\n<div class=\"c-highlight\">\n  <div class=\"c-highlight__head\">\n    <h2>A propos de NW<\/h2>\n  <\/div>\n  <div class=\"c-highlight__desc\">\n   <p>L\u2019entreprise NW d\u00e9veloppe, depuis 2007, diff\u00e9rentes solutions pour rendre la transition \u00e9nerg\u00e9tique accessible \u00e0 tous. Premi\u00e8re licorne fran\u00e7aise de la transition \u00e9nerg\u00e9tique, NW est le leader en France du stockage d&rsquo;\u00e9lectricit\u00e9, avec l\u2019unit\u00e9 de stockage r\u00e9parti JBox\u00ae. NW est \u00e9galement pr\u00e9curseur de la recharge \u00e9lectrique haute puissance, gr\u00e2ce \u00e0 la technologie IECharge\u00ae.<\/p>\n<p>V\u00e9ritable acteur de la transition \u00e9nerg\u00e9tique au sein des territoires, NW s\u2019appuie sur une technologie brevet\u00e9e qui permet l\u2019alliance in\u00e9dite du stockage r\u00e9parti et de la borne de recharge haute puissance. Le Groupe contribue ainsi au d\u00e9veloppement des \u00e9nergies nouvelles principalement en zones rurales et p\u00e9riurbaines.<\/p>\n<p>Par ces solutions innovantes, NW vise \u00e0 augmenter la part des \u00e9nergies d\u00e9carbon\u00e9es dans le mix \u00e9lectrique, soutient la stabilit\u00e9 du r\u00e9seau \u00e9lectrique et participe au d\u00e9veloppement de la mobilit\u00e9 \u00e9lectrique, en France et \u00e0 l\u2019international. NW fait partie du programme French Tech Next40. Le label \u00ab Solar Impulse \u00bb lui a \u00e9galement \u00e9t\u00e9 attribu\u00e9.<\/p>\n  <\/div>\n<\/div>\n","protected":false},"excerpt":{"rendered":"<p>L&rsquo;Union Fran\u00e7aise de l&rsquo;\u00c9lectricit\u00e9 (UFE) continue de s&rsquo;ouvrir \u00e0 de nouveaux acteurs confortant sa repr\u00e9sentativit\u00e9 sur toute la cha\u00eene de valeur du syst\u00e8me \u00e9lectrique : de la production, toutes technologies bas carbone, aux r\u00e9seaux, aux fournisseurs d\u2019\u00e9nergies et de services d\u2019efficacit\u00e9 \u00e9nerg\u00e9tique, en passant par les op\u00e9rateurs de stockage, des effacements et du pilotage des [&hellip;]<\/p>\n","protected":false},"author":2,"featured_media":1725,"comment_status":"open","ping_status":"open","sticky":false,"template":"","format":"standard","meta":{"_acf_changed":false,"footnotes":""},"categories":[28],"tags":[],"class_list":["post-1722","post","type-post","status-publish","format-standard","has-post-thumbnail","hentry","category-nw"],"acf":[],"yoast_head":"<!-- This site is optimized with the Yoast SEO plugin v26.2 - https:\/\/yoast.com\/wordpress\/plugins\/seo\/ -->\n<title>NW vient de rejoindre le conseil d&#039;administration de l&#039;UFE - NW<\/title>\n<meta name=\"description\" content=\"NW rejoint le conseil d&#039;administration de l&#039;UFE, qui repr\u00e9sente sur toute la cha\u00eene de valeur du syst\u00e8me \u00e9lectrique.\" \/>\n<meta name=\"robots\" content=\"index, follow, max-snippet:-1, max-image-preview:large, max-video-preview:-1\" \/>\n<link rel=\"canonical\" href=\"https:\/\/www.nw-groupe.com\/fr\/nw-vient-de-rejoindre-le-conseil-dadministration-de-l-ufe\/\" \/>\n<meta property=\"og:locale\" content=\"fr_FR\" \/>\n<meta property=\"og:type\" content=\"article\" \/>\n<meta property=\"og:title\" content=\"NW vient de rejoindre le conseil d&#039;administration de l&#039;UFE\" \/>\n<meta property=\"og:description\" content=\"NW rejoint le conseil d&#039;administration de l&#039;UFE, qui repr\u00e9sente sur toute la cha\u00eene de valeur du syst\u00e8me \u00e9lectrique.\" \/>\n<meta property=\"og:url\" content=\"https:\/\/www.nw-groupe.com\/fr\/nw-vient-de-rejoindre-le-conseil-dadministration-de-l-ufe\/\" \/>\n<meta property=\"og:site_name\" content=\"NW\" \/>\n<meta property=\"article:published_time\" content=\"2024-02-06T12:57:12+00:00\" \/>\n<meta property=\"article:modified_time\" content=\"2024-02-06T12:57:13+00:00\" \/>\n<meta property=\"og:image\" content=\"https:\/\/www.nw-groupe.com\/wp-content\/uploads\/2024\/02\/pexels-johannes-plenio-11335001-scaled-e1707217827280.jpg\" \/>\n\t<meta property=\"og:image:width\" content=\"1690\" \/>\n\t<meta property=\"og:image:height\" content=\"764\" \/>\n\t<meta property=\"og:image:type\" content=\"image\/jpeg\" \/>\n<meta name=\"author\" content=\"Juliette BOT\" \/>\n<meta name=\"twitter:card\" content=\"summary_large_image\" \/>\n<meta name=\"twitter:title\" content=\"NW vient de rejoindre le conseil d&#039;administration de l&#039;UFE\" \/>\n<meta name=\"twitter:description\" content=\"NW rejoint le conseil d&#039;administration de l&#039;UFE, qui repr\u00e9sente sur toute la cha\u00eene de valeur du syst\u00e8me \u00e9lectrique.\" \/>\n<meta name=\"twitter:image\" content=\"https:\/\/www.nw-groupe.com\/wp-content\/uploads\/2024\/02\/pexels-johannes-plenio-11335001-scaled-e1707217827280.jpg\" \/>\n<meta name=\"twitter:label1\" content=\"Written by\" \/>\n\t<meta name=\"twitter:data1\" content=\"Juliette BOT\" \/>\n\t<meta name=\"twitter:label2\" content=\"Est. reading time\" \/>\n\t<meta name=\"twitter:data2\" content=\"3 minutes\" \/>\n<script type=\"application\/ld+json\" class=\"yoast-schema-graph\">{\"@context\":\"https:\/\/schema.org\",\"@graph\":[{\"@type\":\"WebPage\",\"@id\":\"https:\/\/www.nw-groupe.com\/fr\/nw-vient-de-rejoindre-le-conseil-dadministration-de-l-ufe\/\",\"url\":\"https:\/\/www.nw-groupe.com\/fr\/nw-vient-de-rejoindre-le-conseil-dadministration-de-l-ufe\/\",\"name\":\"NW vient de rejoindre le conseil d'administration de l'UFE - NW\",\"isPartOf\":{\"@id\":\"https:\/\/www.nw-groupe.com\/fr\/#website\"},\"primaryImageOfPage\":{\"@id\":\"https:\/\/www.nw-groupe.com\/fr\/nw-vient-de-rejoindre-le-conseil-dadministration-de-l-ufe\/#primaryimage\"},\"image\":{\"@id\":\"https:\/\/www.nw-groupe.com\/fr\/nw-vient-de-rejoindre-le-conseil-dadministration-de-l-ufe\/#primaryimage\"},\"thumbnailUrl\":\"https:\/\/www.nw-groupe.com\/wp-content\/uploads\/2024\/02\/pexels-johannes-plenio-11335001-scaled-e1707217827280.jpg\",\"datePublished\":\"2024-02-06T12:57:12+00:00\",\"dateModified\":\"2024-02-06T12:57:13+00:00\",\"author\":{\"@id\":\"https:\/\/www.nw-groupe.com\/fr\/#\/schema\/person\/9b61c37b9d5ff795d7b1dda7555e441a\"},\"description\":\"NW rejoint le conseil d'administration de l'UFE, qui repr\u00e9sente sur toute la cha\u00eene de valeur du syst\u00e8me \u00e9lectrique.\",\"breadcrumb\":{\"@id\":\"https:\/\/www.nw-groupe.com\/fr\/nw-vient-de-rejoindre-le-conseil-dadministration-de-l-ufe\/#breadcrumb\"},\"inLanguage\":\"fr-FR\",\"potentialAction\":[{\"@type\":\"ReadAction\",\"target\":[\"https:\/\/www.nw-groupe.com\/fr\/nw-vient-de-rejoindre-le-conseil-dadministration-de-l-ufe\/\"]}]},{\"@type\":\"ImageObject\",\"inLanguage\":\"fr-FR\",\"@id\":\"https:\/\/www.nw-groupe.com\/fr\/nw-vient-de-rejoindre-le-conseil-dadministration-de-l-ufe\/#primaryimage\",\"url\":\"https:\/\/www.nw-groupe.com\/wp-content\/uploads\/2024\/02\/pexels-johannes-plenio-11335001-scaled-e1707217827280.jpg\",\"contentUrl\":\"https:\/\/www.nw-groupe.com\/wp-content\/uploads\/2024\/02\/pexels-johannes-plenio-11335001-scaled-e1707217827280.jpg\",\"width\":1690,\"height\":764,\"caption\":\"NW rejoint l'UFE\"},{\"@type\":\"BreadcrumbList\",\"@id\":\"https:\/\/www.nw-groupe.com\/fr\/nw-vient-de-rejoindre-le-conseil-dadministration-de-l-ufe\/#breadcrumb\",\"itemListElement\":[{\"@type\":\"ListItem\",\"position\":1,\"name\":\"Accueil\",\"item\":\"https:\/\/www.nw-groupe.com\/fr\/\"},{\"@type\":\"ListItem\",\"position\":2,\"name\":\"NW vient de rejoindre le conseil d&rsquo;administration de l&rsquo;UFE\"}]},{\"@type\":\"WebSite\",\"@id\":\"https:\/\/www.nw-groupe.com\/fr\/#website\",\"url\":\"https:\/\/www.nw-groupe.com\/fr\/\",\"name\":\"NW\",\"description\":\"\",\"potentialAction\":[{\"@type\":\"SearchAction\",\"target\":{\"@type\":\"EntryPoint\",\"urlTemplate\":\"https:\/\/www.nw-groupe.com\/fr\/?s={search_term_string}\"},\"query-input\":{\"@type\":\"PropertyValueSpecification\",\"valueRequired\":true,\"valueName\":\"search_term_string\"}}],\"inLanguage\":\"fr-FR\"},{\"@type\":\"Person\",\"@id\":\"https:\/\/www.nw-groupe.com\/fr\/#\/schema\/person\/9b61c37b9d5ff795d7b1dda7555e441a\",\"name\":\"Juliette BOT\",\"image\":{\"@type\":\"ImageObject\",\"inLanguage\":\"fr-FR\",\"@id\":\"https:\/\/www.nw-groupe.com\/fr\/#\/schema\/person\/image\/\",\"url\":\"https:\/\/secure.gravatar.com\/avatar\/1f1a8b2a7617ab848315214511dfe1792d9fdd0aa8afff8537771d18acf258ff?s=96&d=mm&r=g\",\"contentUrl\":\"https:\/\/secure.gravatar.com\/avatar\/1f1a8b2a7617ab848315214511dfe1792d9fdd0aa8afff8537771d18acf258ff?s=96&d=mm&r=g\",\"caption\":\"Juliette BOT\"},\"url\":\"https:\/\/www.nw-groupe.com\/fr\/author\/laura-perren\/\"}]}<\/script>\n<!-- \/ Yoast SEO plugin. -->","yoast_head_json":{"title":"NW vient de rejoindre le conseil d'administration de l'UFE - NW","description":"NW rejoint le conseil d'administration de l'UFE, qui repr\u00e9sente sur toute la cha\u00eene de valeur du syst\u00e8me \u00e9lectrique.","robots":{"index":"index","follow":"follow","max-snippet":"max-snippet:-1","max-image-preview":"max-image-preview:large","max-video-preview":"max-video-preview:-1"},"canonical":"https:\/\/www.nw-groupe.com\/fr\/nw-vient-de-rejoindre-le-conseil-dadministration-de-l-ufe\/","og_locale":"fr_FR","og_type":"article","og_title":"NW vient de rejoindre le conseil d'administration de l'UFE","og_description":"NW rejoint le conseil d'administration de l'UFE, qui repr\u00e9sente sur toute la cha\u00eene de valeur du syst\u00e8me \u00e9lectrique.","og_url":"https:\/\/www.nw-groupe.com\/fr\/nw-vient-de-rejoindre-le-conseil-dadministration-de-l-ufe\/","og_site_name":"NW","article_published_time":"2024-02-06T12:57:12+00:00","article_modified_time":"2024-02-06T12:57:13+00:00","og_image":[{"width":1690,"height":764,"url":"https:\/\/www.nw-groupe.com\/wp-content\/uploads\/2024\/02\/pexels-johannes-plenio-11335001-scaled-e1707217827280.jpg","type":"image\/jpeg"}],"author":"Juliette BOT","twitter_card":"summary_large_image","twitter_title":"NW vient de rejoindre le conseil d'administration de l'UFE","twitter_description":"NW rejoint le conseil d'administration de l'UFE, qui repr\u00e9sente sur toute la cha\u00eene de valeur du syst\u00e8me \u00e9lectrique.","twitter_image":"https:\/\/www.nw-groupe.com\/wp-content\/uploads\/2024\/02\/pexels-johannes-plenio-11335001-scaled-e1707217827280.jpg","twitter_misc":{"Written by":"Juliette BOT","Est. reading time":"3 minutes"},"schema":{"@context":"https:\/\/schema.org","@graph":[{"@type":"WebPage","@id":"https:\/\/www.nw-groupe.com\/fr\/nw-vient-de-rejoindre-le-conseil-dadministration-de-l-ufe\/","url":"https:\/\/www.nw-groupe.com\/fr\/nw-vient-de-rejoindre-le-conseil-dadministration-de-l-ufe\/","name":"NW vient de rejoindre le conseil d'administration de l'UFE - NW","isPartOf":{"@id":"https:\/\/www.nw-groupe.com\/fr\/#website"},"primaryImageOfPage":{"@id":"https:\/\/www.nw-groupe.com\/fr\/nw-vient-de-rejoindre-le-conseil-dadministration-de-l-ufe\/#primaryimage"},"image":{"@id":"https:\/\/www.nw-groupe.com\/fr\/nw-vient-de-rejoindre-le-conseil-dadministration-de-l-ufe\/#primaryimage"},"thumbnailUrl":"https:\/\/www.nw-groupe.com\/wp-content\/uploads\/2024\/02\/pexels-johannes-plenio-11335001-scaled-e1707217827280.jpg","datePublished":"2024-02-06T12:57:12+00:00","dateModified":"2024-02-06T12:57:13+00:00","author":{"@id":"https:\/\/www.nw-groupe.com\/fr\/#\/schema\/person\/9b61c37b9d5ff795d7b1dda7555e441a"},"description":"NW rejoint le conseil d'administration de l'UFE, qui repr\u00e9sente sur toute la cha\u00eene de valeur du syst\u00e8me \u00e9lectrique.","breadcrumb":{"@id":"https:\/\/www.nw-groupe.com\/fr\/nw-vient-de-rejoindre-le-conseil-dadministration-de-l-ufe\/#breadcrumb"},"inLanguage":"fr-FR","potentialAction":[{"@type":"ReadAction","target":["https:\/\/www.nw-groupe.com\/fr\/nw-vient-de-rejoindre-le-conseil-dadministration-de-l-ufe\/"]}]},{"@type":"ImageObject","inLanguage":"fr-FR","@id":"https:\/\/www.nw-groupe.com\/fr\/nw-vient-de-rejoindre-le-conseil-dadministration-de-l-ufe\/#primaryimage","url":"https:\/\/www.nw-groupe.com\/wp-content\/uploads\/2024\/02\/pexels-johannes-plenio-11335001-scaled-e1707217827280.jpg","contentUrl":"https:\/\/www.nw-groupe.com\/wp-content\/uploads\/2024\/02\/pexels-johannes-plenio-11335001-scaled-e1707217827280.jpg","width":1690,"height":764,"caption":"NW rejoint l'UFE"},{"@type":"BreadcrumbList","@id":"https:\/\/www.nw-groupe.com\/fr\/nw-vient-de-rejoindre-le-conseil-dadministration-de-l-ufe\/#breadcrumb","itemListElement":[{"@type":"ListItem","position":1,"name":"Accueil","item":"https:\/\/www.nw-groupe.com\/fr\/"},{"@type":"ListItem","position":2,"name":"NW vient de rejoindre le conseil d&rsquo;administration de l&rsquo;UFE"}]},{"@type":"WebSite","@id":"https:\/\/www.nw-groupe.com\/fr\/#website","url":"https:\/\/www.nw-groupe.com\/fr\/","name":"NW","description":"","potentialAction":[{"@type":"SearchAction","target":{"@type":"EntryPoint","urlTemplate":"https:\/\/www.nw-groupe.com\/fr\/?s={search_term_string}"},"query-input":{"@type":"PropertyValueSpecification","valueRequired":true,"valueName":"search_term_string"}}],"inLanguage":"fr-FR"},{"@type":"Person","@id":"https:\/\/www.nw-groupe.com\/fr\/#\/schema\/person\/9b61c37b9d5ff795d7b1dda7555e441a","name":"Juliette BOT","image":{"@type":"ImageObject","inLanguage":"fr-FR","@id":"https:\/\/www.nw-groupe.com\/fr\/#\/schema\/person\/image\/","url":"https:\/\/secure.gravatar.com\/avatar\/1f1a8b2a7617ab848315214511dfe1792d9fdd0aa8afff8537771d18acf258ff?s=96&d=mm&r=g","contentUrl":"https:\/\/secure.gravatar.com\/avatar\/1f1a8b2a7617ab848315214511dfe1792d9fdd0aa8afff8537771d18acf258ff?s=96&d=mm&r=g","caption":"Juliette BOT"},"url":"https:\/\/www.nw-groupe.com\/fr\/author\/laura-perren\/"}]}},"_links":{"self":[{"href":"https:\/\/www.nw-groupe.com\/fr\/wp-json\/wp\/v2\/posts\/1722","targetHints":{"allow":["GET"]}}],"collection":[{"href":"https:\/\/www.nw-groupe.com\/fr\/wp-json\/wp\/v2\/posts"}],"about":[{"href":"https:\/\/www.nw-groupe.com\/fr\/wp-json\/wp\/v2\/types\/post"}],"author":[{"embeddable":true,"href":"https:\/\/www.nw-groupe.com\/fr\/wp-json\/wp\/v2\/users\/2"}],"replies":[{"embeddable":true,"href":"https:\/\/www.nw-groupe.com\/fr\/wp-json\/wp\/v2\/comments?post=1722"}],"version-history":[{"count":18,"href":"https:\/\/www.nw-groupe.com\/fr\/wp-json\/wp\/v2\/posts\/1722\/revisions"}],"predecessor-version":[{"id":1743,"href":"https:\/\/www.nw-groupe.com\/fr\/wp-json\/wp\/v2\/posts\/1722\/revisions\/1743"}],"wp:featuredmedia":[{"embeddable":true,"href":"https:\/\/www.nw-groupe.com\/fr\/wp-json\/wp\/v2\/media\/1725"}],"wp:attachment":[{"href":"https:\/\/www.nw-groupe.com\/fr\/wp-json\/wp\/v2\/media?parent=1722"}],"wp:term":[{"taxonomy":"category","embeddable":true,"href":"https:\/\/www.nw-groupe.com\/fr\/wp-json\/wp\/v2\/categories?post=1722"},{"taxonomy":"post_tag","embeddable":true,"href":"https:\/\/www.nw-groupe.com\/fr\/wp-json\/wp\/v2\/tags?post=1722"}],"curies":[{"name":"wp","href":"https:\/\/api.w.org\/{rel}","templated":true}]}}